{"id":10792,"date":"2024-06-10T11:13:20","date_gmt":"2024-06-10T11:13:20","guid":{"rendered":"https:\/\/amantesdeteruel.es\/?post_type=post_actividad&#038;p=10792"},"modified":"2024-09-13T08:56:50","modified_gmt":"2024-09-13T08:56:50","slug":"noches-en-el-jardin-maruja-limon","status":"publish","type":"post_actividad","link":"https:\/\/amantesdeteruel.es\/en\/post_actividad\/noches-en-el-jardin-maruja-limon\/","title":{"rendered":"Noches en el Jard\u00edn-MARUJA LIMON"},"content":{"rendered":"\n<p><\/p>\n\n\n\n<p>DEBIDOA LAS PREVISIONES METEOROLOGICAS SE TRASLADA A LAS IGLESIA DE SAN PEDRO.<\/p>\n\n\n\n<p> <em>MARUJA LIM\u00d3N es una banda de seis integrantes de Barcelona que mezcla flamenco, pop y ritmos latinos. Su disco debut &#8216;M\u00e1s de ti&#8217; (2018) fue aclamado por revistas como Mondo Sonoro y Muzikalia, y la banda gan\u00f3 el premio &#8216;Mejor Artista Emergente&#8217; en los Premis ARC 2018 y un Premio LAUS por su videoclip &#8216;Aprender&#8217;. En 2019, lanzaron &#8216;Ante M\u00ed&#8217;, considerado uno de los mejores \u00e1lbumes en espa\u00f1ol del a\u00f1o y nominado en los Premios MIN 2020. En 2022, presentaron su tercer disco &#8216;Vidas&#8217;, que mezcla diversos g\u00e9neros con letras que reflejan historias de vida. Han realizado m\u00e1s de 200 conciertos y participado en prestigiosos festivales internacionales. En 2023, presentaban &#8221;Esta noche no me acuesto&#8221;, un espect\u00e1culo que celebra la cultura popular y la conexi\u00f3n colectiva. Ese mismo a\u00f1o son escogidas para el prestigioso festival \u2018VISA FOR MUSIC\u2019\u2019 en Rabat.\u00a0Llega 2024 y la banda presenta \u2018Te como la cara\u2019 parte A, un EP donde las barcelonesas muerden la rumba en todas sus vertientes. Se trata de un\u00a0recorrido por la geograf\u00eda de la rumba catalana, flamenca, quinqui,\u00a0mestiza y latina, en una encrucijada de sonidos experimentales,\u00a0electr\u00f3nicos y org\u00e1nicos.\u00a0Las Marujas exploran la rumba con Dembow, m\u00fasica electr\u00f3nica,\u00a0salsa y pop. Un trabajo musicalmente explosivo, que se\u00a0acompa\u00f1a de unas letras que oscilan entre la sensibilidad y la\u00a0iron\u00eda, para abordar tem\u00e1ticas personales y sociales.<\/em><\/p>\n\n\n\n<p>POSIBLIDAD DE BONO CON EL CONCIERTO DE TU OTRA BONITA<\/p>\n\n\n\n<p><\/p>\n","protected":false},"excerpt":{"rendered":"<p>DEBIDOA LAS PREVISIONES METEOROLOGICAS SE TRASLADA A LAS IGLESIA DE SAN PEDRO. MARUJA LIM\u00d3N es una banda de seis integrantes de Barcelona que mezcla flamenco, pop y ritmos latinos. Su disco debut &#8216;M\u00e1s de ti&#8217; (2018) fue aclamado por revistas como Mondo Sonoro y Muzikalia, y la banda gan\u00f3 el premio &#8216;Mejor Artista Emergente&#8217; en [&hellip;]<\/p>\n","protected":false},"author":1,"featured_media":10793,"template":"","categories":[313,312,305,198,306],"class_list":["post-10792","post_actividad","type-post_actividad","status-publish","has-post-thumbnail","hentry","category-activite_suivante","category-next_activity","category-nights_in_the_garden","category-20-noches-en-el-jardin","category-nuits_dans_le_jardin"],"acf":[],"_links":{"self":[{"href":"https:\/\/amantesdeteruel.es\/en\/wp-json\/wp\/v2\/post_actividad\/10792","targetHints":{"allow":["GET"]}}],"collection":[{"href":"https:\/\/amantesdeteruel.es\/en\/wp-json\/wp\/v2\/post_actividad"}],"about":[{"href":"https:\/\/amantesdeteruel.es\/en\/wp-json\/wp\/v2\/types\/post_actividad"}],"author":[{"embeddable":true,"href":"https:\/\/amantesdeteruel.es\/en\/wp-json\/wp\/v2\/users\/1"}],"version-history":[{"count":2,"href":"https:\/\/amantesdeteruel.es\/en\/wp-json\/wp\/v2\/post_actividad\/10792\/revisions"}],"predecessor-version":[{"id":11412,"href":"https:\/\/amantesdeteruel.es\/en\/wp-json\/wp\/v2\/post_actividad\/10792\/revisions\/11412"}],"wp:featuredmedia":[{"embeddable":true,"href":"https:\/\/amantesdeteruel.es\/en\/wp-json\/wp\/v2\/media\/10793"}],"wp:attachment":[{"href":"https:\/\/amantesdeteruel.es\/en\/wp-json\/wp\/v2\/media?parent=10792"}],"wp:term":[{"taxonomy":"category","embeddable":true,"href":"https:\/\/amantesdeteruel.es\/en\/wp-json\/wp\/v2\/categories?post=10792"}],"curies":[{"name":"wp","href":"https:\/\/api.w.org\/{rel}","templated":true}]}}