{"id":10808,"date":"2024-06-10T11:27:11","date_gmt":"2024-06-10T11:27:11","guid":{"rendered":"https:\/\/amantesdeteruel.es\/?post_type=post_actividad&#038;p=10808"},"modified":"2024-11-06T12:18:25","modified_gmt":"2024-11-06T12:18:25","slug":"noches-en-el-jardin-coolage","status":"publish","type":"post_actividad","link":"https:\/\/amantesdeteruel.es\/en\/post_actividad\/noches-en-el-jardin-coolage\/","title":{"rendered":"Noches en el Jard\u00edn-COOLAGE"},"content":{"rendered":"\n<p>CoolAge es una banda de jazz que cre\u00f3 el contrabajista Coco Balasch en 2003 para homenajear el estilo jazz cool que tocaban los m\u00fasicos de la costa oeste norteamericana en los a\u00f1os cincuenta. Todo empez\u00f3 siendo un tr\u00edo junto a I\u00f1aki Askunze y Adolfo L\u00f3pez, en 2005 se incorpor\u00f3 Dani Molina y, despu\u00e9s, m\u00e1s de una docena de m\u00fasicos han pasado por la agrupaci\u00f3n. Desde 2010, CoolAge dej\u00f3 de centrarse en el jazz cool y se abri\u00f3 a cualquier tipo de m\u00fasica relacionada con el jazz. Para cada nuevo proyecto que emprende con CoolAge, Coco Balasch elige los m\u00fasicos que piensa que son los m\u00e1s adecuados para llevarlo a cabo, siempre buscando a int\u00e9rpretes de garant\u00eda que aporten y ayuden a mejorar la propuesta inicial.<\/p>\n\n\n\n<p>En ocasiones, Coco Balasch invita a un o una solista y, de com\u00fan acuerdo a partir de sus caracter\u00edsticas musicales, se monta el repertorio y los arreglos.<\/p>\n\n\n\n<h1 class=\"wp-block-heading\">CoolAge &amp; Clara Mas Mart\u00ed<\/h1>\n\n\n\n<p><strong>\u00a0<\/strong>CoolAge, en este nuevo proyecto, colabora con Clara Mas Mart\u00ed, flautista y cantante, una m\u00fasica que a pesar de su juventud (2006) muestra un quehacer muy maduro y un talento fuera de lo com\u00fan para la m\u00fasica, una mujer que con este proyecto empieza lo que posiblemente sea una carrera que dar\u00e1 mucho que hablar y que ya tiene mucho que decir.<\/p>\n\n\n\n<p>Clara posee una voz grande, de amplia tesitura y un grado de improvisaci\u00f3n que ha su edad\u00a0 la convierte en una rareza, su habilidad para el scat es asombrosa.<\/p>\n\n\n\n<p>El repertorio se divide en dos estilos muy diferenciados, por un lado canciones compuestas por Coco Balasch de claro tinte jazz europeo y por otro varias melod\u00edas exitosas del Broadway de primera mitad del siglo pasado, estas arregladas por Pepe Balasch.<\/p>\n\n\n\n<p>\u00a0CoolAge es una banda de jazz que cre\u00f3 el contrabajista Coco Balasch en 2004 para homenajear el estilo jazz cool que tocaban los m\u00fasicos de la costa oeste norteamericana en los a\u00f1os cincuenta. Desde 2010, CoolAge dej\u00f3 de centrarse en el jazz cool y se abri\u00f3 a cualquier tipo de m\u00fasica relacionada con el jazz. Para cada nuevo proyecto que emprende con CoolAge, Coco Balasch elige los m\u00fasicos que piensa que son los m\u00e1s adecuados para llevarlo a cabo, siempre buscando a int\u00e9rpretes de garant\u00eda que aporten y ayuden a mejorar la propuesta inicial.<\/p>\n\n\n\n<p>&nbsp;&nbsp;&nbsp;&nbsp;&nbsp;&nbsp;&nbsp;&nbsp;&nbsp;&nbsp;&nbsp;&nbsp;&nbsp;&nbsp;&nbsp; Clara Mas mart\u00ed, flauta y voz &#8211; Dani Molina, saxo alto &#8211; Pepe Balasch, piano &#8211; Coco balasch, contrabajo &#8211; Andreu Moreno. Bater\u00eda.<\/p>\n\n\n\n<p><\/p>\n","protected":false},"excerpt":{"rendered":"<p>CoolAge es una banda de jazz que cre\u00f3 el contrabajista Coco Balasch en 2003 para homenajear el estilo jazz cool que tocaban los m\u00fasicos de la costa oeste norteamericana en los a\u00f1os cincuenta. Todo empez\u00f3 siendo un tr\u00edo junto a I\u00f1aki Askunze y Adolfo L\u00f3pez, en 2005 se incorpor\u00f3 Dani Molina y, despu\u00e9s, m\u00e1s de [&hellip;]<\/p>\n","protected":false},"author":1,"featured_media":11580,"template":"","categories":[198],"class_list":["post-10808","post_actividad","type-post_actividad","status-publish","has-post-thumbnail","hentry","category-20-noches-en-el-jardin"],"acf":[],"_links":{"self":[{"href":"https:\/\/amantesdeteruel.es\/en\/wp-json\/wp\/v2\/post_actividad\/10808","targetHints":{"allow":["GET"]}}],"collection":[{"href":"https:\/\/amantesdeteruel.es\/en\/wp-json\/wp\/v2\/post_actividad"}],"about":[{"href":"https:\/\/amantesdeteruel.es\/en\/wp-json\/wp\/v2\/types\/post_actividad"}],"author":[{"embeddable":true,"href":"https:\/\/amantesdeteruel.es\/en\/wp-json\/wp\/v2\/users\/1"}],"version-history":[{"count":2,"href":"https:\/\/amantesdeteruel.es\/en\/wp-json\/wp\/v2\/post_actividad\/10808\/revisions"}],"predecessor-version":[{"id":10818,"href":"https:\/\/amantesdeteruel.es\/en\/wp-json\/wp\/v2\/post_actividad\/10808\/revisions\/10818"}],"wp:featuredmedia":[{"embeddable":true,"href":"https:\/\/amantesdeteruel.es\/en\/wp-json\/wp\/v2\/media\/11580"}],"wp:attachment":[{"href":"https:\/\/amantesdeteruel.es\/en\/wp-json\/wp\/v2\/media?parent=10808"}],"wp:term":[{"taxonomy":"category","embeddable":true,"href":"https:\/\/amantesdeteruel.es\/en\/wp-json\/wp\/v2\/categories?post=10808"}],"curies":[{"name":"wp","href":"https:\/\/api.w.org\/{rel}","templated":true}]}}