{"id":4628,"date":"2022-11-17T11:50:41","date_gmt":"2022-11-17T11:50:41","guid":{"rendered":"https:\/\/amantesdeteruel.es\/post_actividad\/travis-birds\/"},"modified":"2022-11-18T10:47:44","modified_gmt":"2022-11-18T10:47:44","slug":"travis-birds","status":"publish","type":"post_actividad","link":"https:\/\/amantesdeteruel.es\/fr\/post_actividad\/travis-birds\/","title":{"rendered":"TRAVIS BIRDS"},"content":{"rendered":"<p><strong>TRAVIS BIRDS en CONCIERTO<\/strong><\/p>\n<p>\u00bfQui\u00e9n es Travis Birds? \u00ab\u00a0Una mezcla entre un ni\u00f1o, un se\u00f1or muy serio, una tarda y un escarabajo com\u00fan\u00a0\u00bb, as\u00ed es como se autodefine. Su primer \u00e1lbum \u00ab\u00a0A\u00f1o X\u00a0\u00bb, recopila diez canciones basadas en diez historias que ven el mundo con un punto de vista muy peculiar.<br \/>\nEn 2019 lanza el primer single de su nuevo trabajo titulado \u00ab\u00a0Coyotes\u00a0\u00bb, una desgarradora canci\u00f3n con una intensa interpretaci\u00f3n y una letra feroz. \u00ab\u00a0Coyotes describe la evoluci\u00f3n en las fases de una obsesi\u00f3n, en la que la posibilidad de conquista, destroza y convierte al individuo en animal\u00a0\u00bb. \u00ab\u00a0Coyotes\u00a0\u00bb fue elegida como cabecera de \u00ab\u00a0El Embarcadero\u00a0\u00bb, serie de Movistar +, producida por Vancouver media y Atresmedia studios. Un \u00e9xito como el que supuso al poco tiempo la celebrada versi\u00f3n que hizo de \u201c19 d\u00edas y 500 noches\u201d junto a Benjam\u00edn Prado como homenaje a Joaqu\u00edn Sabina.<br \/>\n\u00ab\u00a0Madre Conciencia\u00a0\u00bb es el segundo single del nuevo trabajo de Travis Birds. Nuevo trabajo que lanzar\u00e1 en 2021 y que llevar\u00e1 por t\u00edtulo \u00ab\u00a0La Costa de los Mosquitos\u00a0\u00bb. Una clara muestra del camino que tomar\u00e1 la obra de la artista femenina m\u00e1s prometedora de nuestro panorama musical.<\/p>\n<p>&nbsp;<\/p>\n<p>Visitas tem\u00e1ticas: \u201cTERUEL A TRAV\u00c9S DE SUS CALLES\u201d: Observa y aprende: las M\u00e9nsulas de San Pedro y Los Amantes en la pintura.<br \/>\nPunto de salida: Puerta del Mausoleo, 21:15h (gratuita con la entrada de los conciertos previa recogida de invitaci\u00f3n en el Mausoleo de los Amantes hasta completar aforo)<\/p>\n<p>Venta entradas Mausoleo Amantes y en www.amantesdeteruel.es.<br \/>\nD\u00eda 11 de agosto: LAS MIGAS presentan EMPAT\u00cdA<br \/>\nBono de los 2 conciertos (11 y 19 de agosto): 28\u20ac (20\u20ac Amigos Amantes). Bono en taquilla: 32\u20ac.<br \/>\nPrecio 1 concierto: 15\u20ac (12\u20ac Amigos Amantes). En taquilla: 17\u20ac . La entrada incluye la visita guiada previa recogida de invitaci\u00f3n en el Mausoleo de los Amantes hasta completar aforo<\/p>\n<p>&nbsp;<\/p>\n","protected":false},"excerpt":{"rendered":"<p>TRAVIS BIRDS en CONCIERTO \u00bfQui\u00e9n es Travis Birds? \u00ab\u00a0Una mezcla entre un ni\u00f1o, un se\u00f1or muy serio, una tarda y un escarabajo com\u00fan\u00a0\u00bb, as\u00ed es como se autodefine. Su primer \u00e1lbum \u00ab\u00a0A\u00f1o X\u00a0\u00bb, recopila diez canciones basadas en diez historias que ven el mundo con un punto de vista muy peculiar. En 2019 lanza el [&hellip;]<\/p>\n","protected":false},"author":1,"featured_media":4164,"template":"","categories":[198],"class_list":["post-4628","post_actividad","type-post_actividad","status-publish","has-post-thumbnail","hentry","category-20-noches-en-el-jardin"],"acf":[],"_links":{"self":[{"href":"https:\/\/amantesdeteruel.es\/fr\/wp-json\/wp\/v2\/post_actividad\/4628","targetHints":{"allow":["GET"]}}],"collection":[{"href":"https:\/\/amantesdeteruel.es\/fr\/wp-json\/wp\/v2\/post_actividad"}],"about":[{"href":"https:\/\/amantesdeteruel.es\/fr\/wp-json\/wp\/v2\/types\/post_actividad"}],"author":[{"embeddable":true,"href":"https:\/\/amantesdeteruel.es\/fr\/wp-json\/wp\/v2\/users\/1"}],"version-history":[{"count":3,"href":"https:\/\/amantesdeteruel.es\/fr\/wp-json\/wp\/v2\/post_actividad\/4628\/revisions"}],"predecessor-version":[{"id":5087,"href":"https:\/\/amantesdeteruel.es\/fr\/wp-json\/wp\/v2\/post_actividad\/4628\/revisions\/5087"}],"wp:featuredmedia":[{"embeddable":true,"href":"https:\/\/amantesdeteruel.es\/fr\/wp-json\/wp\/v2\/media\/4164"}],"wp:attachment":[{"href":"https:\/\/amantesdeteruel.es\/fr\/wp-json\/wp\/v2\/media?parent=4628"}],"wp:term":[{"taxonomy":"category","embeddable":true,"href":"https:\/\/amantesdeteruel.es\/fr\/wp-json\/wp\/v2\/categories?post=4628"}],"curies":[{"name":"wp","href":"https:\/\/api.w.org\/{rel}","templated":true}]}}