{"id":4640,"date":"2022-11-17T11:58:56","date_gmt":"2022-11-17T11:58:56","guid":{"rendered":"https:\/\/amantesdeteruel.es\/post_actividad\/xoel-lopez\/"},"modified":"2022-12-19T10:36:19","modified_gmt":"2022-12-19T10:36:19","slug":"xoel-lopez","status":"publish","type":"post_actividad","link":"https:\/\/amantesdeteruel.es\/fr\/post_actividad\/xoel-lopez\/","title":{"rendered":"XOEL L\u00d3PEZ"},"content":{"rendered":"<p><strong>XOEL L\u00d3PEZ<\/strong><\/p>\n<p>&nbsp;<\/p>\n<p><span>Nacido en A Coru\u00f1a en 1977, Xoel L\u00f3pez es&nbsp;<strong>uno de los artistas m\u00e1s representativos e influyentes <\/strong>de la nueva canci\u00f3n espa\u00f1ola. Aunque siempre se ha movido entre los sonidos del pop-rock alternativo y el folk cl\u00e1sico, \u00e9l se define como un <strong>artista libre<\/strong>. Y as\u00ed lo demuestra. Xoel dej\u00f3 atr\u00e1s una carrera exitosa y consolidada en su pa\u00eds bajo el seud\u00f3nimo de \u201c<strong>Deluxe<\/strong>\u201d para, en enero de 2009, cruzar el charco y empezar una nueva etapa en el Continente Americano.<br \/>\nAcompa\u00f1ado de su guitarra (y de algunos amigos) busca recuperar la esencia de los primeros d\u00edas tocando en diferentes salas, teatros o festivales acompa\u00f1ado por m\u00fasicos de los diferentes pa\u00edses que visita: San Francisco y Nueva York (EEUU), Colombia, Uruguay, Chile, Venezuela, Rep\u00fablica Dominicana, Brasil\u2026 Pero es en Buenos Aires donde pasa la mayor parte de su tiempo.<br \/>\nEn Octubre de 2010, regresa temporalmente a Espa\u00f1a para realizar una gira en la que invit\u00f3 a cerca de 30 m\u00fasicos de diferentes nacionalidades a compartir escenario y repertorio. Un evento llamado \u201c<strong>Xoel L\u00f3pez y La Caravana Americana<\/strong>\u201d que tambi\u00e9n dar\u00e1 t\u00edtulo al documental donde se cuentan las peripecias de esta gira por Espa\u00f1a y de parte de la aventura anterior del cantante por las Am\u00e9ricas. <\/span><\/p>\n<p><span><strong>\u201cAtl\u00e1ntico\u201d<\/strong> (Esmerarte 2012), el <strong>duod\u00e9cimo trabajo <\/strong>de la carrera de Xoel L\u00f3pez, es el primero editado bajo su propio nombre.<\/span><\/p>\n<p><span>Producido junto a Juan de Dios Mart\u00edn y grabado entre A Coru\u00f1a y Buenos Aires, supone una nueva etapa musical y personal para Xoel, que ha <strong>enriquecido<\/strong> los <strong>ritmos<\/strong> y <strong>fortalecido<\/strong> las <strong>melod\u00edas<\/strong>.<\/span><\/p>\n<p><span>El segundo disco de Xoel L\u00f3pez <strong>\u201cParamales\u201d<\/strong> se public\u00f3 el 26 de mayo de 2015. Xoel ha contado sobre su nuevo \u00e1lbum: \u201cConviven sonidos colombianos con sonidos setenteros o guitarras espa\u00f1olas. Hay fusi\u00f3n, como siempre, pero es una mezcla si cabe mucho m\u00e1s dispar que Atl\u00e1ntico. Me atrev\u00ed m\u00e1s que nunca, o eso creo\u201d Dice haber hecho un disco m\u00e1s rockero, \u201csin ser un disco de rock\u201d.<\/span><\/p>\n<p><span>Fue \u00e9l quien grab\u00f3 pr\u00e1cticamente todos los instrumentos, siendo la mayor colaboraci\u00f3n en las percusiones: Andr\u00e9s Litwin (Depedro), David \u201cEl Indio\u201d (Vetusta Morla), Fernando Lamas y Roberto Lozano (Deluxem Coronas). Puntualmente tambi\u00e9n participaron en la grabaci\u00f3n Lola Garc\u00eda Garrido, Miguel (Maga) o Iv\u00e1n \u201cChapo\u201d (Deluxe, Mclan)<\/span><\/p>\n","protected":false},"excerpt":{"rendered":"<p>XOEL L\u00d3PEZ &nbsp; Nacido en A Coru\u00f1a en 1977, Xoel L\u00f3pez es&nbsp;uno de los artistas m\u00e1s representativos e influyentes de la nueva canci\u00f3n espa\u00f1ola. Aunque siempre se ha movido entre los sonidos del pop-rock alternativo y el folk cl\u00e1sico, \u00e9l se define como un artista libre. Y as\u00ed lo demuestra. Xoel dej\u00f3 atr\u00e1s una carrera [&hellip;]<\/p>\n","protected":false},"author":1,"featured_media":4084,"template":"","categories":[198],"class_list":["post-4640","post_actividad","type-post_actividad","status-publish","has-post-thumbnail","hentry","category-20-noches-en-el-jardin"],"acf":[],"_links":{"self":[{"href":"https:\/\/amantesdeteruel.es\/fr\/wp-json\/wp\/v2\/post_actividad\/4640","targetHints":{"allow":["GET"]}}],"collection":[{"href":"https:\/\/amantesdeteruel.es\/fr\/wp-json\/wp\/v2\/post_actividad"}],"about":[{"href":"https:\/\/amantesdeteruel.es\/fr\/wp-json\/wp\/v2\/types\/post_actividad"}],"author":[{"embeddable":true,"href":"https:\/\/amantesdeteruel.es\/fr\/wp-json\/wp\/v2\/users\/1"}],"version-history":[{"count":8,"href":"https:\/\/amantesdeteruel.es\/fr\/wp-json\/wp\/v2\/post_actividad\/4640\/revisions"}],"predecessor-version":[{"id":5845,"href":"https:\/\/amantesdeteruel.es\/fr\/wp-json\/wp\/v2\/post_actividad\/4640\/revisions\/5845"}],"wp:featuredmedia":[{"embeddable":true,"href":"https:\/\/amantesdeteruel.es\/fr\/wp-json\/wp\/v2\/media\/4084"}],"wp:attachment":[{"href":"https:\/\/amantesdeteruel.es\/fr\/wp-json\/wp\/v2\/media?parent=4640"}],"wp:term":[{"taxonomy":"category","embeddable":true,"href":"https:\/\/amantesdeteruel.es\/fr\/wp-json\/wp\/v2\/categories?post=4640"}],"curies":[{"name":"wp","href":"https:\/\/api.w.org\/{rel}","templated":true}]}}